{"id":1025,"date":"2023-03-30T14:21:20","date_gmt":"2023-03-30T14:21:20","guid":{"rendered":"http:\/\/elregionaldigital.info\/?p=1025"},"modified":"2023-03-30T14:21:21","modified_gmt":"2023-03-30T14:21:21","slug":"por-salud-piden-a-juez-libertad-para-madre-de-emilio-lozoya","status":"publish","type":"post","link":"https:\/\/elregionaldigital.info\/?p=1025","title":{"rendered":"Por salud, piden a juez libertad para madre de Emilio Lozoya"},"content":{"rendered":"\n<figure class=\"wp-block-image size-full\"><img loading=\"lazy\" decoding=\"async\" width=\"770\" height=\"485\" src=\"http:\/\/elregionaldigital.info\/wp-content\/uploads\/2023\/03\/gilda_1_crop1680179941626.jpg_1970638775.webp\" alt=\"\" class=\"wp-image-1026\" srcset=\"https:\/\/elregionaldigital.info\/wp-content\/uploads\/2023\/03\/gilda_1_crop1680179941626.jpg_1970638775.webp 770w, https:\/\/elregionaldigital.info\/wp-content\/uploads\/2023\/03\/gilda_1_crop1680179941626.jpg_1970638775-300x189.webp 300w, https:\/\/elregionaldigital.info\/wp-content\/uploads\/2023\/03\/gilda_1_crop1680179941626.jpg_1970638775-768x484.webp 768w\" sizes=\"auto, (max-width: 770px) 100vw, 770px\" \/><\/figure>\n\n\n\n<p>Gilda Margarita Austin y Sol\u00eds ha padecido enfermedades f\u00edsicas y mentales en los casi tres a\u00f1os que lleva en arresto domiciliario<\/p>\n\n\n\n<p>Gilda Margarita Austin y Sol\u00eds, mam\u00e1 del exdirector de Pemex Emilio Lozoya, padece estr\u00e9s postraum\u00e1tico, ansiedad, depresi\u00f3n nivel moderado, anorexia, insomnio, tristeza, ideas de muerte, autoestima baja, dolor de cuerpo, hipertiroidismo, antecedentes de hipertensi\u00f3n, entre otras enfermedades.<\/p>\n\n\n\n<p>Por ello, sus abogados solicitaron al juez de Control del Reclusorio Norte, Genaro Gerardo Alarc\u00f3n L\u00f3pez, que le&nbsp;<strong>modifique el arresto domiciliario por la libertad provisional, debido a que lleva casi tres a\u00f1os presa en su casa de la alcald\u00eda Tlalpan.<\/strong><\/p>\n\n\n\n<p>En audiencia de revisi\u00f3n de medida cautelar celebrada ayer, Alejandro Rojas Pruneda, uno de los abogados de Austin y Sol\u00eds,\u00a0<strong>acusada de lavado de dinero y asociaci\u00f3n delictuosa en el caso Odebrecht,<\/strong>\u00a0expuso que a m\u00e1s de tres de a\u00f1os de que se le impusiera a su clienta el arresto domiciliario, las condiciones para continuar con la medida han variado para su modificaci\u00f3n.<\/p>\n\n\n\n<p>Lo anterior, porque, dijo, el riesgo de evadirse de la justicia es bajo y ha cumplido &#8220;cabalmente&#8221; el resguardo domiciliario que se le dict\u00f3 en noviembre de 2019.&nbsp;<\/p>\n\n\n\n<p>Incluso Rojas Pruneda asegur\u00f3 ante el juez que la se\u00f1ora Gilda Margarita Austin y Sol\u00eds no tiene los medios para sustraerse de la justicia, porque no cuenta con &#8220;domicilios adicionales ni tampoco en el extranjero&#8221;, recibe una pensi\u00f3n mensual de 20 mil pesos y posee una cuenta bancaria de 88 mil pesos.<\/p>\n\n\n\n<p>Sin embargo, el litigante asegur\u00f3 que Gilda Margarita Austin y Sol\u00eds, quien estuvo por videoconferencia, ha presentado problemas de salud, por los cuales tuvo que acudir a hospitales y citas m\u00e9dicas con el cardi\u00f3logo, odont\u00f3logo y gastroenter\u00f3logo y para atenderse de hipertensi\u00f3n arterial.<\/p>\n","protected":false},"excerpt":{"rendered":"<p>Gilda Margarita Austin y Sol\u00eds ha padecido enfermedades f\u00edsicas y mentales en los casi tres a\u00f1os que lleva en arresto domiciliario Gilda Margarita Austin y Sol\u00eds, mam\u00e1 del exdirector de Pemex Emilio Lozoya, padece estr\u00e9s postraum\u00e1tico, ansiedad, depresi\u00f3n nivel moderado, anorexia, insomnio, tristeza, ideas de muerte, autoestima baja, dolor de cuerpo, hipertiroidismo, antecedentes de hipertensi\u00f3n, [&hellip;]<\/p>\n","protected":false},"author":1,"featured_media":1026,"comment_status":"open","ping_status":"open","sticky":false,"template":"","format":"standard","meta":{"footnotes":""},"categories":[5],"tags":[],"class_list":["post-1025","post","type-post","status-publish","format-standard","has-post-thumbnail","hentry","category-nacional"],"blog_post_layout_featured_media_urls":{"thumbnail":["https:\/\/elregionaldigital.info\/wp-content\/uploads\/2023\/03\/gilda_1_crop1680179941626.jpg_1970638775-150x150.webp",150,150,true],"full":["https:\/\/elregionaldigital.info\/wp-content\/uploads\/2023\/03\/gilda_1_crop1680179941626.jpg_1970638775.webp",770,485,false]},"categories_names":{"5":{"name":"Nacional","link":"https:\/\/elregionaldigital.info\/?cat=5"}},"tags_names":[],"comments_number":"0","wpmagazine_modules_lite_featured_media_urls":{"thumbnail":["https:\/\/elregionaldigital.info\/wp-content\/uploads\/2023\/03\/gilda_1_crop1680179941626.jpg_1970638775-150x150.webp",150,150,true],"cvmm-medium":["https:\/\/elregionaldigital.info\/wp-content\/uploads\/2023\/03\/gilda_1_crop1680179941626.jpg_1970638775-300x300.webp",300,300,true],"cvmm-medium-plus":["https:\/\/elregionaldigital.info\/wp-content\/uploads\/2023\/03\/gilda_1_crop1680179941626.jpg_1970638775-305x207.webp",305,207,true],"cvmm-portrait":["https:\/\/elregionaldigital.info\/wp-content\/uploads\/2023\/03\/gilda_1_crop1680179941626.jpg_1970638775-400x485.webp",400,485,true],"cvmm-medium-square":["https:\/\/elregionaldigital.info\/wp-content\/uploads\/2023\/03\/gilda_1_crop1680179941626.jpg_1970638775-600x485.webp",600,485,true],"cvmm-large":["https:\/\/elregionaldigital.info\/wp-content\/uploads\/2023\/03\/gilda_1_crop1680179941626.jpg_1970638775.webp",770,485,false],"cvmm-small":["https:\/\/elregionaldigital.info\/wp-content\/uploads\/2023\/03\/gilda_1_crop1680179941626.jpg_1970638775-130x95.webp",130,95,true],"full":["https:\/\/elregionaldigital.info\/wp-content\/uploads\/2023\/03\/gilda_1_crop1680179941626.jpg_1970638775.webp",770,485,false]},"_links":{"self":[{"href":"https:\/\/elregionaldigital.info\/index.php?rest_route=\/wp\/v2\/posts\/1025","targetHints":{"allow":["GET"]}}],"collection":[{"href":"https:\/\/elregionaldigital.info\/index.php?rest_route=\/wp\/v2\/posts"}],"about":[{"href":"https:\/\/elregionaldigital.info\/index.php?rest_route=\/wp\/v2\/types\/post"}],"author":[{"embeddable":true,"href":"https:\/\/elregionaldigital.info\/index.php?rest_route=\/wp\/v2\/users\/1"}],"replies":[{"embeddable":true,"href":"https:\/\/elregionaldigital.info\/index.php?rest_route=%2Fwp%2Fv2%2Fcomments&post=1025"}],"version-history":[{"count":1,"href":"https:\/\/elregionaldigital.info\/index.php?rest_route=\/wp\/v2\/posts\/1025\/revisions"}],"predecessor-version":[{"id":1027,"href":"https:\/\/elregionaldigital.info\/index.php?rest_route=\/wp\/v2\/posts\/1025\/revisions\/1027"}],"wp:featuredmedia":[{"embeddable":true,"href":"https:\/\/elregionaldigital.info\/index.php?rest_route=\/wp\/v2\/media\/1026"}],"wp:attachment":[{"href":"https:\/\/elregionaldigital.info\/index.php?rest_route=%2Fwp%2Fv2%2Fmedia&parent=1025"}],"wp:term":[{"taxonomy":"category","embeddable":true,"href":"https:\/\/elregionaldigital.info\/index.php?rest_route=%2Fwp%2Fv2%2Fcategories&post=1025"},{"taxonomy":"post_tag","embeddable":true,"href":"https:\/\/elregionaldigital.info\/index.php?rest_route=%2Fwp%2Fv2%2Ftags&post=1025"}],"curies":[{"name":"wp","href":"https:\/\/api.w.org\/{rel}","templated":true}]}}