{"id":1015,"date":"2023-03-22T14:03:57","date_gmt":"2023-03-22T14:03:57","guid":{"rendered":"http:\/\/elregionaldigital.info\/?p=1015"},"modified":"2023-03-30T14:06:24","modified_gmt":"2023-03-30T14:06:24","slug":"tamaulipas-garantiza-el-derecho-a-un-sistema-de-educacion-integral-se-reactivan-becas-e-inicia-rehabilitacion-de-escuelas","status":"publish","type":"post","link":"https:\/\/elregionaldigital.info\/?p=1015","title":{"rendered":"TAMAULIPAS GARANTIZA EL DERECHO A UN SISTEMA DE EDUCACI\u00d3N INTEGRAL; SE REACTIVAN BECAS E INICIA REHABILITACI\u00d3N DE ESCUELAS"},"content":{"rendered":"\n<figure class=\"wp-block-image size-full\"><img loading=\"lazy\" decoding=\"async\" width=\"850\" height=\"500\" src=\"http:\/\/elregionaldigital.info\/wp-content\/uploads\/2023\/03\/031-2023.-Tamaulipas-garantiza-el-derecho-a-un-sistema-de-educacion-integral-se-reactivan-becas-e-inicia-rehabilitacion-de-escuelas-1-850x500-1.jpg\" alt=\"\" class=\"wp-image-1016\" srcset=\"https:\/\/elregionaldigital.info\/wp-content\/uploads\/2023\/03\/031-2023.-Tamaulipas-garantiza-el-derecho-a-un-sistema-de-educacion-integral-se-reactivan-becas-e-inicia-rehabilitacion-de-escuelas-1-850x500-1.jpg 850w, https:\/\/elregionaldigital.info\/wp-content\/uploads\/2023\/03\/031-2023.-Tamaulipas-garantiza-el-derecho-a-un-sistema-de-educacion-integral-se-reactivan-becas-e-inicia-rehabilitacion-de-escuelas-1-850x500-1-300x176.jpg 300w, https:\/\/elregionaldigital.info\/wp-content\/uploads\/2023\/03\/031-2023.-Tamaulipas-garantiza-el-derecho-a-un-sistema-de-educacion-integral-se-reactivan-becas-e-inicia-rehabilitacion-de-escuelas-1-850x500-1-768x452.jpg 768w\" sizes=\"auto, (max-width: 850px) 100vw, 850px\" \/><\/figure>\n\n\n\n<p>Marzo 22 de 2023<\/p>\n\n\n\n<p>Ciudad Victoria, Tamaulipas.- En el Gobierno de la Transformaci\u00f3n, se ha reactivado el programa de becas y est\u00edmulos educativos adem\u00e1s de iniciar la rehabilitaci\u00f3n de escuelas; rubros que hab\u00edan sido abandonados o descuidados, afirm\u00f3 el gobernador de Tamaulipas, Am\u00e9rico Villarreal Anaya.<\/p>\n\n\n\n<p>\u201cDesde el primer d\u00eda de esta administraci\u00f3n, nos propusimos trabajar fuerte para resolver el d\u00e9ficit presupuestal, mejorar los indicadores educativos y consolidar acciones encaminadas a que la educaci\u00f3n cumpla cabalmente con su funci\u00f3n transformadora\u201d dijo en su mensaje, con motivo del primer informe de la administraci\u00f3n actual.<\/p>\n\n\n\n<p>Inform\u00f3 que en el presente a\u00f1o, se reactiv\u00f3 el programa de Becas y Est\u00edmulos Educativos, mediante el cual se destinan recursos estatales por 200 millones de pesos para el otorgamiento de becas en beneficio de 40 mil estudiantes en condiciones de vulnerabilidad econ\u00f3mica; las cuales se suman al esfuerzo federal que se lleva a cabo a trav\u00e9s de las Becas Benito Ju\u00e1rez.<\/p>\n\n\n\n<p>Por otra parte, detall\u00f3 que a trav\u00e9s del programa federal \u201cLa Escuela es Nuestra\u201d Tamaulipas accedi\u00f3 a 169 millones de pesos adicionales para la rehabilitaci\u00f3n, ampliaci\u00f3n y equipamiento de escuelas de nivel b\u00e1sico en la entidad.<\/p>\n\n\n\n<p>\u201cCon un gran esfuerzo estamos garantizando el derecho de las y los tamaulipecos a un sistema de educaci\u00f3n integral y de excelencia. Basado en la igualdad de oportunidades, que fomenta valores humanistas y enriquece nuestra cultura c\u00edvica y democr\u00e1tica\u201d, agreg\u00f3.<\/p>\n\n\n\n<p>Villarreal Anaya refrend\u00f3 su compromiso de recuperar el car\u00e1cter transformador de la educaci\u00f3n, de la mano de las maestras y maestros tamaulipecos, cuyo papel ha sido revalorado, con el mejoramiento de los mecanismos de admisi\u00f3n, promoci\u00f3n y reconocimiento del magisterio.<\/p>\n\n\n\n<p>Inform\u00f3 que se ha dado cumplimiento a pagos por aproximadamente 60 millones de pesos, por concepto de incremento al tabulador de bienestar, en beneficio de 4 mil 181 trabajadores estatales de educaci\u00f3n.<\/p>\n\n\n\n<p>Adem\u00e1s, en lo que llam\u00f3 un acto de justicia social, se cubri\u00f3 el adeudo por concepto de prima de antig\u00fcedad a 228 beneficiarios de personal fallecido, \u201cque por desd\u00e9n o irresponsabilidad se dej\u00f3 de pagar por m\u00e1s de 2 a\u00f1os\u201d, dijo.<\/p>\n","protected":false},"excerpt":{"rendered":"<p>Marzo 22 de 2023 Ciudad Victoria, Tamaulipas.- En el Gobierno de la Transformaci\u00f3n, se ha reactivado el programa de becas y est\u00edmulos educativos adem\u00e1s de iniciar la rehabilitaci\u00f3n de escuelas; rubros que hab\u00edan sido abandonados o descuidados, afirm\u00f3 el gobernador de Tamaulipas, Am\u00e9rico Villarreal Anaya. \u201cDesde el primer d\u00eda de esta administraci\u00f3n, nos propusimos trabajar [&hellip;]<\/p>\n","protected":false},"author":1,"featured_media":1016,"comment_status":"open","ping_status":"open","sticky":false,"template":"","format":"standard","meta":{"footnotes":""},"categories":[2],"tags":[],"class_list":["post-1015","post","type-post","status-publish","format-standard","has-post-thumbnail","hentry","category-tamaulipas"],"blog_post_layout_featured_media_urls":{"thumbnail":["https:\/\/elregionaldigital.info\/wp-content\/uploads\/2023\/03\/031-2023.-Tamaulipas-garantiza-el-derecho-a-un-sistema-de-educacion-integral-se-reactivan-becas-e-inicia-rehabilitacion-de-escuelas-1-850x500-1-150x150.jpg",150,150,true],"full":["https:\/\/elregionaldigital.info\/wp-content\/uploads\/2023\/03\/031-2023.-Tamaulipas-garantiza-el-derecho-a-un-sistema-de-educacion-integral-se-reactivan-becas-e-inicia-rehabilitacion-de-escuelas-1-850x500-1.jpg",850,500,false]},"categories_names":{"2":{"name":"Tamaulipas","link":"https:\/\/elregionaldigital.info\/?cat=2"}},"tags_names":[],"comments_number":"0","wpmagazine_modules_lite_featured_media_urls":{"thumbnail":["https:\/\/elregionaldigital.info\/wp-content\/uploads\/2023\/03\/031-2023.-Tamaulipas-garantiza-el-derecho-a-un-sistema-de-educacion-integral-se-reactivan-becas-e-inicia-rehabilitacion-de-escuelas-1-850x500-1-150x150.jpg",150,150,true],"cvmm-medium":["https:\/\/elregionaldigital.info\/wp-content\/uploads\/2023\/03\/031-2023.-Tamaulipas-garantiza-el-derecho-a-un-sistema-de-educacion-integral-se-reactivan-becas-e-inicia-rehabilitacion-de-escuelas-1-850x500-1-300x300.jpg",300,300,true],"cvmm-medium-plus":["https:\/\/elregionaldigital.info\/wp-content\/uploads\/2023\/03\/031-2023.-Tamaulipas-garantiza-el-derecho-a-un-sistema-de-educacion-integral-se-reactivan-becas-e-inicia-rehabilitacion-de-escuelas-1-850x500-1-305x207.jpg",305,207,true],"cvmm-portrait":["https:\/\/elregionaldigital.info\/wp-content\/uploads\/2023\/03\/031-2023.-Tamaulipas-garantiza-el-derecho-a-un-sistema-de-educacion-integral-se-reactivan-becas-e-inicia-rehabilitacion-de-escuelas-1-850x500-1-400x500.jpg",400,500,true],"cvmm-medium-square":["https:\/\/elregionaldigital.info\/wp-content\/uploads\/2023\/03\/031-2023.-Tamaulipas-garantiza-el-derecho-a-un-sistema-de-educacion-integral-se-reactivan-becas-e-inicia-rehabilitacion-de-escuelas-1-850x500-1-600x500.jpg",600,500,true],"cvmm-large":["https:\/\/elregionaldigital.info\/wp-content\/uploads\/2023\/03\/031-2023.-Tamaulipas-garantiza-el-derecho-a-un-sistema-de-educacion-integral-se-reactivan-becas-e-inicia-rehabilitacion-de-escuelas-1-850x500-1.jpg",850,500,false],"cvmm-small":["https:\/\/elregionaldigital.info\/wp-content\/uploads\/2023\/03\/031-2023.-Tamaulipas-garantiza-el-derecho-a-un-sistema-de-educacion-integral-se-reactivan-becas-e-inicia-rehabilitacion-de-escuelas-1-850x500-1-130x95.jpg",130,95,true],"full":["https:\/\/elregionaldigital.info\/wp-content\/uploads\/2023\/03\/031-2023.-Tamaulipas-garantiza-el-derecho-a-un-sistema-de-educacion-integral-se-reactivan-becas-e-inicia-rehabilitacion-de-escuelas-1-850x500-1.jpg",850,500,false]},"_links":{"self":[{"href":"https:\/\/elregionaldigital.info\/index.php?rest_route=\/wp\/v2\/posts\/1015","targetHints":{"allow":["GET"]}}],"collection":[{"href":"https:\/\/elregionaldigital.info\/index.php?rest_route=\/wp\/v2\/posts"}],"about":[{"href":"https:\/\/elregionaldigital.info\/index.php?rest_route=\/wp\/v2\/types\/post"}],"author":[{"embeddable":true,"href":"https:\/\/elregionaldigital.info\/index.php?rest_route=\/wp\/v2\/users\/1"}],"replies":[{"embeddable":true,"href":"https:\/\/elregionaldigital.info\/index.php?rest_route=%2Fwp%2Fv2%2Fcomments&post=1015"}],"version-history":[{"count":1,"href":"https:\/\/elregionaldigital.info\/index.php?rest_route=\/wp\/v2\/posts\/1015\/revisions"}],"predecessor-version":[{"id":1017,"href":"https:\/\/elregionaldigital.info\/index.php?rest_route=\/wp\/v2\/posts\/1015\/revisions\/1017"}],"wp:featuredmedia":[{"embeddable":true,"href":"https:\/\/elregionaldigital.info\/index.php?rest_route=\/wp\/v2\/media\/1016"}],"wp:attachment":[{"href":"https:\/\/elregionaldigital.info\/index.php?rest_route=%2Fwp%2Fv2%2Fmedia&parent=1015"}],"wp:term":[{"taxonomy":"category","embeddable":true,"href":"https:\/\/elregionaldigital.info\/index.php?rest_route=%2Fwp%2Fv2%2Fcategories&post=1015"},{"taxonomy":"post_tag","embeddable":true,"href":"https:\/\/elregionaldigital.info\/index.php?rest_route=%2Fwp%2Fv2%2Ftags&post=1015"}],"curies":[{"name":"wp","href":"https:\/\/api.w.org\/{rel}","templated":true}]}}