{"id":1009,"date":"2023-03-16T13:58:37","date_gmt":"2023-03-16T13:58:37","guid":{"rendered":"http:\/\/elregionaldigital.info\/?p=1009"},"modified":"2023-03-30T14:00:29","modified_gmt":"2023-03-30T14:00:29","slug":"inauguran-ruta-aerea-victoria-ciudad-de-mexico","status":"publish","type":"post","link":"https:\/\/elregionaldigital.info\/?p=1009","title":{"rendered":"INAUGURAN RUTA A\u00c9REA\u00a0\u00a0 VICTORIA \u2013 CIUDAD DE M\u00c9XICO"},"content":{"rendered":"\n<figure class=\"wp-block-image size-full\"><img loading=\"lazy\" decoding=\"async\" width=\"850\" height=\"500\" src=\"http:\/\/elregionaldigital.info\/wp-content\/uploads\/2023\/03\/STU-013-2023.-Inauguran-ruta-aerea-Victoria-Ciudad-de-Mexico-3-850x500-1.jpg\" alt=\"\" class=\"wp-image-1010\" srcset=\"https:\/\/elregionaldigital.info\/wp-content\/uploads\/2023\/03\/STU-013-2023.-Inauguran-ruta-aerea-Victoria-Ciudad-de-Mexico-3-850x500-1.jpg 850w, https:\/\/elregionaldigital.info\/wp-content\/uploads\/2023\/03\/STU-013-2023.-Inauguran-ruta-aerea-Victoria-Ciudad-de-Mexico-3-850x500-1-300x176.jpg 300w, https:\/\/elregionaldigital.info\/wp-content\/uploads\/2023\/03\/STU-013-2023.-Inauguran-ruta-aerea-Victoria-Ciudad-de-Mexico-3-850x500-1-768x452.jpg 768w\" sizes=\"auto, (max-width: 850px) 100vw, 850px\" \/><\/figure>\n\n\n\n<p>\u25cfSer\u00e1n cinco viajes semanales y facilita la conectividad y turismo de la zona centro de Tamaulipas<\/p>\n\n\n\n<p><\/p>\n\n\n\n<p>Marzo 16 de 2023<\/p>\n\n\n\n<p>Ciudad Victoria Tamaulipas. -Para impulsar la conectividad a\u00e9rea de Ciudad Victoria inici\u00f3 operaciones la nueva ruta de la compa\u00f1\u00eda Aerom\u00e9xico, hacia la ciudad de M\u00e9xico que ofrecer\u00e1 cinco vuelos a la semana.<\/p>\n\n\n\n<p>En una ceremonia realizada en el Aeropuerto Internacional \u201cPedro Jos\u00e9 M\u00e9ndez\u201d, durante la tarde de este jueves, las autoridades les dieron la bienvenida a los pasajeros del vuelo comercial proveniente de la Ciudad de M\u00e9xico.<\/p>\n\n\n\n<p>A nombre del gobernador Am\u00e9rico Villarreal Anaya, el secretario de Turismo, Benjam\u00edn Hern\u00e1ndez Rodr\u00edguez, en compa\u00f1\u00eda del vicepresidente de Ventas M\u00e9xico de Aerom\u00e9xico, Jos\u00e9 Zapata, cortaron el list\u00f3n que abre sus pistas para la flotilla de esta compa\u00f1\u00eda aeron\u00e1utica.<\/p>\n\n\n\n<p>En su mensaje, el titular de sector turismo, se\u00f1al\u00f3 que despu\u00e9s de d\u00e9cadas regresa esta compa\u00f1\u00eda a\u00e9rea, por lo que llena de emoci\u00f3n a los victorenses y sus visitantes.<\/p>\n\n\n\n<p>Reconoci\u00f3 el liderazgo del mandatario Am\u00e9rico Villarreal Anaya que en tan s\u00f3lo cinco meses de gesti\u00f3n gubernamental est\u00e1 creando los cimientos para la transformaci\u00f3n de Tamaulipas, esta ocasi\u00f3n reactivar el sector tur\u00edstico en la capital, contribuyendo a la creaci\u00f3n de empleos para mejorar la calidad de vida de los tamaulipecos.<\/p>\n\n\n\n<p>\u201cPara el turismo la conectividad, es sin duda, es una de las fortalezas para el desarrollo y consolidaci\u00f3n de los destinos. Este vuelo nos ayudara a capitalizar de posicionar a Victoria como el centro emisor de turista y sus visitantes para impulsar los segmentos de naturaleza, caza y pesca deportiva, el turismo de sol y playa y turismo cultural\u201d, expres\u00f3 el funcionario estatal.<\/p>\n\n\n\n<p>Explic\u00f3 que ser\u00e1n cinco vuelos a la semana, lo que refuerza conectar a Tamaulipas con la Ciudad de M\u00e9xico. El modelo de aeronave es un Embraer 190 con 99 asientos, 11 en clase premier y 88 en clase econ\u00f3mica, lo cual representa alrededor de mil asientos semanales.<\/p>\n\n\n\n<p>Reiter\u00f3 su agradecimiento al grupo Aerom\u00e9xico por brindar esta nueva oportunidad de recuperar la grandeza de la capital.<\/p>\n\n\n\n<p>Por su parte, el Vicepresidente de Ventas de Aerom\u00e9xico, Jos\u00e9 Zapata dijo que celebran el inicio de los vuelos de la Ciudad de M\u00e9xico y el Aeropuerto Internacional de Ciudad Victoria, ruta muy importante para esa empresa, ya que es el aeropuerto n\u00famero 46 que opera en la rep\u00fablica mexicana.<\/p>\n\n\n\n<p>\u201cA nosotros nos posiciona como la aerol\u00ednea que opera m\u00e1s aeropuertos dentro de M\u00e9xico, esto aunado a los 45 aeropuertos que tenemos internacionalmente en Estados Unidos, Canad\u00e1, Centro, Caribe, Europa y Asia\u201d, puntualiz\u00f3.<\/p>\n\n\n\n<p>Por su parte el alcalde de Victoria, Eduardo Gatt\u00e1s B\u00e1ez agradeci\u00f3 las gestiones del gobernador Am\u00e9rico Villarreal y dijo que este d\u00eda quedar\u00e1 para la historia, por haberse recuperado la conectividad hacia la capital del pa\u00eds, a todo M\u00e9xico y al mundo.<\/p>\n\n\n\n<p>Asistieron tambi\u00e9n la presidenta del sistema DIF de Ciudad Victoria Lucy Rodr\u00edguez de Gatt\u00e1s, Daniel Zamarron, administrador del Aeropuerto Internacional \u201cPedro Jos\u00e9 Mendez\u00bb, el director de Puentes, Puertos, Aeropuertos y Cruces Internacionales de la Secretar\u00eda de Desarrollo, Jos\u00e9 Mar\u00eda Hern\u00e1ndez y Pablo Villanueva Hern\u00e1ndez, delegado de Migraci\u00f3n de la zona centro de<\/p>\n","protected":false},"excerpt":{"rendered":"<p>\u25cfSer\u00e1n cinco viajes semanales y facilita la conectividad y turismo de la zona centro de Tamaulipas Marzo 16 de 2023 Ciudad Victoria Tamaulipas. -Para impulsar la conectividad a\u00e9rea de Ciudad Victoria inici\u00f3 operaciones la nueva ruta de la compa\u00f1\u00eda Aerom\u00e9xico, hacia la ciudad de M\u00e9xico que ofrecer\u00e1 cinco vuelos a la semana. En una ceremonia [&hellip;]<\/p>\n","protected":false},"author":1,"featured_media":1010,"comment_status":"open","ping_status":"open","sticky":false,"template":"","format":"standard","meta":{"footnotes":""},"categories":[2],"tags":[],"class_list":["post-1009","post","type-post","status-publish","format-standard","has-post-thumbnail","hentry","category-tamaulipas"],"blog_post_layout_featured_media_urls":{"thumbnail":["https:\/\/elregionaldigital.info\/wp-content\/uploads\/2023\/03\/STU-013-2023.-Inauguran-ruta-aerea-Victoria-Ciudad-de-Mexico-3-850x500-1-150x150.jpg",150,150,true],"full":["https:\/\/elregionaldigital.info\/wp-content\/uploads\/2023\/03\/STU-013-2023.-Inauguran-ruta-aerea-Victoria-Ciudad-de-Mexico-3-850x500-1.jpg",850,500,false]},"categories_names":{"2":{"name":"Tamaulipas","link":"https:\/\/elregionaldigital.info\/?cat=2"}},"tags_names":[],"comments_number":"0","wpmagazine_modules_lite_featured_media_urls":{"thumbnail":["https:\/\/elregionaldigital.info\/wp-content\/uploads\/2023\/03\/STU-013-2023.-Inauguran-ruta-aerea-Victoria-Ciudad-de-Mexico-3-850x500-1-150x150.jpg",150,150,true],"cvmm-medium":["https:\/\/elregionaldigital.info\/wp-content\/uploads\/2023\/03\/STU-013-2023.-Inauguran-ruta-aerea-Victoria-Ciudad-de-Mexico-3-850x500-1-300x300.jpg",300,300,true],"cvmm-medium-plus":["https:\/\/elregionaldigital.info\/wp-content\/uploads\/2023\/03\/STU-013-2023.-Inauguran-ruta-aerea-Victoria-Ciudad-de-Mexico-3-850x500-1-305x207.jpg",305,207,true],"cvmm-portrait":["https:\/\/elregionaldigital.info\/wp-content\/uploads\/2023\/03\/STU-013-2023.-Inauguran-ruta-aerea-Victoria-Ciudad-de-Mexico-3-850x500-1-400x500.jpg",400,500,true],"cvmm-medium-square":["https:\/\/elregionaldigital.info\/wp-content\/uploads\/2023\/03\/STU-013-2023.-Inauguran-ruta-aerea-Victoria-Ciudad-de-Mexico-3-850x500-1-600x500.jpg",600,500,true],"cvmm-large":["https:\/\/elregionaldigital.info\/wp-content\/uploads\/2023\/03\/STU-013-2023.-Inauguran-ruta-aerea-Victoria-Ciudad-de-Mexico-3-850x500-1.jpg",850,500,false],"cvmm-small":["https:\/\/elregionaldigital.info\/wp-content\/uploads\/2023\/03\/STU-013-2023.-Inauguran-ruta-aerea-Victoria-Ciudad-de-Mexico-3-850x500-1-130x95.jpg",130,95,true],"full":["https:\/\/elregionaldigital.info\/wp-content\/uploads\/2023\/03\/STU-013-2023.-Inauguran-ruta-aerea-Victoria-Ciudad-de-Mexico-3-850x500-1.jpg",850,500,false]},"_links":{"self":[{"href":"https:\/\/elregionaldigital.info\/index.php?rest_route=\/wp\/v2\/posts\/1009","targetHints":{"allow":["GET"]}}],"collection":[{"href":"https:\/\/elregionaldigital.info\/index.php?rest_route=\/wp\/v2\/posts"}],"about":[{"href":"https:\/\/elregionaldigital.info\/index.php?rest_route=\/wp\/v2\/types\/post"}],"author":[{"embeddable":true,"href":"https:\/\/elregionaldigital.info\/index.php?rest_route=\/wp\/v2\/users\/1"}],"replies":[{"embeddable":true,"href":"https:\/\/elregionaldigital.info\/index.php?rest_route=%2Fwp%2Fv2%2Fcomments&post=1009"}],"version-history":[{"count":1,"href":"https:\/\/elregionaldigital.info\/index.php?rest_route=\/wp\/v2\/posts\/1009\/revisions"}],"predecessor-version":[{"id":1011,"href":"https:\/\/elregionaldigital.info\/index.php?rest_route=\/wp\/v2\/posts\/1009\/revisions\/1011"}],"wp:featuredmedia":[{"embeddable":true,"href":"https:\/\/elregionaldigital.info\/index.php?rest_route=\/wp\/v2\/media\/1010"}],"wp:attachment":[{"href":"https:\/\/elregionaldigital.info\/index.php?rest_route=%2Fwp%2Fv2%2Fmedia&parent=1009"}],"wp:term":[{"taxonomy":"category","embeddable":true,"href":"https:\/\/elregionaldigital.info\/index.php?rest_route=%2Fwp%2Fv2%2Fcategories&post=1009"},{"taxonomy":"post_tag","embeddable":true,"href":"https:\/\/elregionaldigital.info\/index.php?rest_route=%2Fwp%2Fv2%2Ftags&post=1009"}],"curies":[{"name":"wp","href":"https:\/\/api.w.org\/{rel}","templated":true}]}}